{"id":2378,"date":"2022-09-30T22:00:00","date_gmt":"2022-09-30T21:00:00","guid":{"rendered":"https:\/\/ifescaribbean.org\/?p=2378"},"modified":"2024-02-15T22:04:01","modified_gmt":"2024-02-15T22:04:01","slug":"plaidoirie-pour-haiti","status":"publish","type":"post","link":"https:\/\/ifescaribbean.org\/fr\/plaidoirie-pour-haiti\/","title":{"rendered":"Plaidoirie pour Ha\u00efti"},"content":{"rendered":"<div class=\"wp-block block-core-paragraph\">\n<p>Ha\u00efti, Ha\u00efti \u00bb. C\u2019est l\u2019expression qui, selon celui qui parle, pourrait \u00eatre accompagn\u00e9e d\u2019un haussement d\u2019\u00e9paule ou d\u2019un soupir de d\u00e9couragement et de consternation. Cela pourrait aussi \u00eatre consid\u00e9r\u00e9 comme un appel comme un appel pour \u00eatre \u00e9cout\u00e9. Ceux d\u2019entre nous qui sont familiers avec la Parole de Dieu se rappelleront s\u00fbrement les c\u00e9l\u00e8bres r\u00e9p\u00e9titions \u00ab En v\u00e9rit\u00e9, En v\u00e9rit\u00e9\u00bb qu\u2019a pu prononcer notre Seigneur. R\u00e9p\u00e9titions faites pour inviter le lecteur \u00e0 \u00ab pr\u00eater attention, car ce que je m\u2019appr\u00eate \u00e0 dire est une v\u00e9rit\u00e9 irr\u00e9futable. \u00bb<\/p>\n<\/div>\n\n<div class=\"wp-block block-core-paragraph\">\n<p>Unfortunately, the mention of Haiti in this way tends to leave you disheartened and dis-spirited. It is as if the plight of this nation will never end. \u2018Rescue efforts going slow after the worst earthquake in a decade\u2019, \u2018Haitian President assassinated\u2019, \u2018Rising gang violence in Haiti\u2019, \u2018How to handle mismanaged aid to Haiti\u2019: these are just a few of the headlines released by various media outlets in recent months. With slumped shoulders and headshakes of despair, we ask, when will this all end, Lord? And it is good that this question should be asked. <\/p>\n<\/div>\n\n<div class=\"wp-block block-core-paragraph\">\n<p>The content of these headlines can be depressing but the trajectory of the preceded question is powerful and potent. Our Lord has now been entreated, and rightly so, for indeed He alone is omniscient. It was the Psalmist David who said, <strong>\u201cGreat is our Lord and abundant in strength; His understanding is infinite.\u201d<\/strong> (Psalm 147:5) and, <strong>\u201cEven before there is a word on my tongue, Behold, O Lord, You know it all.\u201d<\/strong> (Psalm 139:4). John, in his first letter, reminded us that <strong>\u201cGod is greater than our hearts and knows all things\u201d<\/strong> (1 John 3:20). The insignificant sparrow is in the Lord\u2019s care and <strong>\u201c[\u2026] there is no creature hidden from His sight, but all things are naked and open to the eyes of Him to whom we must give account.\u201d<\/strong> (Hebrews 4.13) Oh! The very hair on our heads are known and numbered. Hallelujah! <\/p>\n<\/div>\n\n<div class=\"wp-block block-core-paragraph\">\n<p>We all can testify that the unknown brings much anxiety and fear, but like the men of old, let us open a space to connect with our Lord through prayer for the nation of Haiti. For <strong>\u201cthe LORD is near to all who call on him, to all who call on him in truth\u201d<\/strong> (Psalms 145:18). As a CARIFES family, let us join hearts and beseech the Lord for the wholeness of our brothers and sisters and the healing of this nation. May we be moved with and PRAY! PRAY! PRAY!<\/p>\n<\/div>\n\n<div class=\"wp-block block-core-heading\">\n<h2 class=\"wp-block-heading\">Petitioning for Haiti<\/h2>\n<\/div>\n\n<div class=\"wp-block block-core-list\">\n<ol class=\"has-sm-font-size wp-block-list\"><div class=\"wp-block block-core-list-item\">\n<li>Pray for Justice and peace in the nation.<\/li>\n<\/div>\n\n<div class=\"wp-block block-core-list-item\">\n<li>Pray for unity in the body of Christ. From reports, there are denominational clashes and feuds among<br>the local churches.<\/li>\n<\/div>\n\n<div class=\"wp-block block-core-list-item\">\n<li>Pray for our students. The Movement has been showing signs of growth over the past year &#8211; pray that they will be messengers of hope.<\/li>\n<\/div>\n\n<div class=\"wp-block block-core-list-item\">\n<li>Pray for the Board, staff.<\/li>\n<\/div><\/ol>\n<\/div>","protected":false},"excerpt":{"rendered":"<p>Ha\u00efti, Ha\u00efti \u00bb. C\u2019est l\u2019expression qui, selon celui qui parle, pourrait \u00eatre accompagn\u00e9e d\u2019un haussement d\u2019\u00e9paule ou d\u2019un soupir de d\u00e9couragement et de consternation. Cela pourrait aussi \u00eatre consid\u00e9r\u00e9 comme un appel comme un appel pour \u00eatre \u00e9cout\u00e9. Ceux d\u2019entre nous qui sont familiers avec la Parole de Dieu se rappelleront s\u00fbrement les c\u00e9l\u00e8bres r\u00e9p\u00e9titions&#8230;<\/p>\n","protected":false},"author":6,"featured_media":2373,"comment_status":"closed","ping_status":"open","sticky":true,"template":"","format":"standard","meta":{"inline_featured_image":false,"footnotes":""},"categories":[256],"tags":[278],"class_list":["post-2378","post","type-post","status-publish","format-standard","has-post-thumbnail","hentry","category-non-classifiee","tag-prayer_bulletin"],"acf":[],"yoast_head":"<!-- This site is optimized with the Yoast SEO plugin v27.5 - https:\/\/yoast.com\/product\/yoast-seo-wordpress\/ -->\n<title>Plaidoirie pour Ha\u00efti - CARIFES<\/title>\n<meta name=\"robots\" content=\"index, follow, max-snippet:-1, max-image-preview:large, max-video-preview:-1\" \/>\n<link rel=\"canonical\" href=\"https:\/\/ifescaribbean.org\/fr\/plaidoirie-pour-haiti\/\" \/>\n<meta property=\"og:locale\" content=\"fr_FR\" \/>\n<meta property=\"og:type\" content=\"article\" \/>\n<meta property=\"og:title\" content=\"Plaidoirie pour Ha\u00efti - CARIFES\" \/>\n<meta property=\"og:description\" content=\"Ha\u00efti, Ha\u00efti \u00bb. C\u2019est l\u2019expression qui, selon celui qui parle, pourrait \u00eatre accompagn\u00e9e d\u2019un haussement d\u2019\u00e9paule ou d\u2019un soupir de d\u00e9couragement et de consternation. Cela pourrait aussi \u00eatre consid\u00e9r\u00e9 comme un appel comme un appel pour \u00eatre \u00e9cout\u00e9. Ceux d\u2019entre nous qui sont familiers avec la Parole de Dieu se rappelleront s\u00fbrement les c\u00e9l\u00e8bres r\u00e9p\u00e9titions...\" \/>\n<meta property=\"og:url\" content=\"https:\/\/ifescaribbean.org\/fr\/plaidoirie-pour-haiti\/\" \/>\n<meta property=\"og:site_name\" content=\"CARIFES\" \/>\n<meta property=\"article:published_time\" content=\"2022-09-30T21:00:00+00:00\" \/>\n<meta property=\"article:modified_time\" content=\"2024-02-15T22:04:01+00:00\" \/>\n<meta property=\"og:image\" content=\"https:\/\/ifescaribbean.org\/wp-content\/uploads\/2024\/02\/WhatsApp-Image-2021-09-27-at-10.18.57-AM.jpeg\" \/>\n\t<meta property=\"og:image:width\" content=\"1080\" \/>\n\t<meta property=\"og:image:height\" content=\"607\" \/>\n\t<meta property=\"og:image:type\" content=\"image\/jpeg\" \/>\n<meta name=\"author\" content=\"Nicolas Choux\" \/>\n<meta name=\"twitter:card\" content=\"summary_large_image\" \/>\n<meta name=\"twitter:label1\" content=\"\u00c9crit par\" \/>\n\t<meta name=\"twitter:data1\" content=\"Nicolas Choux\" \/>\n\t<meta name=\"twitter:label2\" content=\"Dur\u00e9e de lecture estim\u00e9e\" \/>\n\t<meta name=\"twitter:data2\" content=\"3 minutes\" \/>\n<script type=\"application\/ld+json\" class=\"yoast-schema-graph\">{\"@context\":\"https:\\\/\\\/schema.org\",\"@graph\":[{\"@type\":\"Article\",\"@id\":\"https:\\\/\\\/ifescaribbean.org\\\/fr\\\/plaidoirie-pour-haiti\\\/#article\",\"isPartOf\":{\"@id\":\"https:\\\/\\\/ifescaribbean.org\\\/fr\\\/plaidoirie-pour-haiti\\\/\"},\"author\":{\"name\":\"Nicolas Choux\",\"@id\":\"https:\\\/\\\/ifescaribbean.org\\\/fr\\\/#\\\/schema\\\/person\\\/28467ea199f958b581a3cc88c89d2e0b\"},\"headline\":\"Plaidoirie pour Ha\u00efti\",\"datePublished\":\"2022-09-30T21:00:00+00:00\",\"dateModified\":\"2024-02-15T22:04:01+00:00\",\"mainEntityOfPage\":{\"@id\":\"https:\\\/\\\/ifescaribbean.org\\\/fr\\\/plaidoirie-pour-haiti\\\/\"},\"wordCount\":495,\"publisher\":{\"@id\":\"https:\\\/\\\/ifescaribbean.org\\\/fr\\\/#organization\"},\"image\":{\"@id\":\"https:\\\/\\\/ifescaribbean.org\\\/fr\\\/plaidoirie-pour-haiti\\\/#primaryimage\"},\"thumbnailUrl\":\"https:\\\/\\\/ifescaribbean.org\\\/wp-content\\\/uploads\\\/2024\\\/02\\\/WhatsApp-Image-2021-09-27-at-10.18.57-AM.jpeg\",\"keywords\":[\"Prayer_Bulletin\"],\"articleSection\":[\"Non classifi\u00e9(e)\"],\"inLanguage\":\"fr-FR\"},{\"@type\":\"WebPage\",\"@id\":\"https:\\\/\\\/ifescaribbean.org\\\/fr\\\/plaidoirie-pour-haiti\\\/\",\"url\":\"https:\\\/\\\/ifescaribbean.org\\\/fr\\\/plaidoirie-pour-haiti\\\/\",\"name\":\"Plaidoirie pour Ha\u00efti - CARIFES\",\"isPartOf\":{\"@id\":\"https:\\\/\\\/ifescaribbean.org\\\/fr\\\/#website\"},\"primaryImageOfPage\":{\"@id\":\"https:\\\/\\\/ifescaribbean.org\\\/fr\\\/plaidoirie-pour-haiti\\\/#primaryimage\"},\"image\":{\"@id\":\"https:\\\/\\\/ifescaribbean.org\\\/fr\\\/plaidoirie-pour-haiti\\\/#primaryimage\"},\"thumbnailUrl\":\"https:\\\/\\\/ifescaribbean.org\\\/wp-content\\\/uploads\\\/2024\\\/02\\\/WhatsApp-Image-2021-09-27-at-10.18.57-AM.jpeg\",\"datePublished\":\"2022-09-30T21:00:00+00:00\",\"dateModified\":\"2024-02-15T22:04:01+00:00\",\"breadcrumb\":{\"@id\":\"https:\\\/\\\/ifescaribbean.org\\\/fr\\\/plaidoirie-pour-haiti\\\/#breadcrumb\"},\"inLanguage\":\"fr-FR\",\"potentialAction\":[{\"@type\":\"ReadAction\",\"target\":[\"https:\\\/\\\/ifescaribbean.org\\\/fr\\\/plaidoirie-pour-haiti\\\/\"]}]},{\"@type\":\"ImageObject\",\"inLanguage\":\"fr-FR\",\"@id\":\"https:\\\/\\\/ifescaribbean.org\\\/fr\\\/plaidoirie-pour-haiti\\\/#primaryimage\",\"url\":\"https:\\\/\\\/ifescaribbean.org\\\/wp-content\\\/uploads\\\/2024\\\/02\\\/WhatsApp-Image-2021-09-27-at-10.18.57-AM.jpeg\",\"contentUrl\":\"https:\\\/\\\/ifescaribbean.org\\\/wp-content\\\/uploads\\\/2024\\\/02\\\/WhatsApp-Image-2021-09-27-at-10.18.57-AM.jpeg\",\"width\":1080,\"height\":607},{\"@type\":\"BreadcrumbList\",\"@id\":\"https:\\\/\\\/ifescaribbean.org\\\/fr\\\/plaidoirie-pour-haiti\\\/#breadcrumb\",\"itemListElement\":[{\"@type\":\"ListItem\",\"position\":1,\"name\":\"Home\",\"item\":\"https:\\\/\\\/ifescaribbean.org\\\/fr\\\/\"},{\"@type\":\"ListItem\",\"position\":2,\"name\":\"Plaidoirie pour Ha\u00efti\"}]},{\"@type\":\"WebSite\",\"@id\":\"https:\\\/\\\/ifescaribbean.org\\\/fr\\\/#website\",\"url\":\"https:\\\/\\\/ifescaribbean.org\\\/fr\\\/\",\"name\":\"CARIFES\",\"description\":\"CARIFES website\",\"publisher\":{\"@id\":\"https:\\\/\\\/ifescaribbean.org\\\/fr\\\/#organization\"},\"inLanguage\":\"fr-FR\"},{\"@type\":\"Organization\",\"@id\":\"https:\\\/\\\/ifescaribbean.org\\\/fr\\\/#organization\",\"name\":\"CARIFES\",\"url\":\"https:\\\/\\\/ifescaribbean.org\\\/fr\\\/\",\"logo\":{\"@type\":\"ImageObject\",\"inLanguage\":\"fr-FR\",\"@id\":\"https:\\\/\\\/ifescaribbean.org\\\/fr\\\/#\\\/schema\\\/logo\\\/image\\\/\",\"url\":\"https:\\\/\\\/ifescaribbean.org\\\/wp-content\\\/uploads\\\/2023\\\/03\\\/IFES-Caraibe-Square.png\",\"contentUrl\":\"https:\\\/\\\/ifescaribbean.org\\\/wp-content\\\/uploads\\\/2023\\\/03\\\/IFES-Caraibe-Square.png\",\"width\":871,\"height\":868,\"caption\":\"CARIFES\"},\"image\":{\"@id\":\"https:\\\/\\\/ifescaribbean.org\\\/fr\\\/#\\\/schema\\\/logo\\\/image\\\/\"}},{\"@type\":\"Person\",\"@id\":\"https:\\\/\\\/ifescaribbean.org\\\/fr\\\/#\\\/schema\\\/person\\\/28467ea199f958b581a3cc88c89d2e0b\",\"name\":\"Nicolas Choux\",\"image\":{\"@type\":\"ImageObject\",\"inLanguage\":\"fr-FR\",\"@id\":\"https:\\\/\\\/secure.gravatar.com\\\/avatar\\\/52a120e317ec85a3b6c9f8f81c8cc894f4e07f9afe67ec448ee63e2ae7824d5a?s=96&d=mm&r=g\",\"url\":\"https:\\\/\\\/secure.gravatar.com\\\/avatar\\\/52a120e317ec85a3b6c9f8f81c8cc894f4e07f9afe67ec448ee63e2ae7824d5a?s=96&d=mm&r=g\",\"contentUrl\":\"https:\\\/\\\/secure.gravatar.com\\\/avatar\\\/52a120e317ec85a3b6c9f8f81c8cc894f4e07f9afe67ec448ee63e2ae7824d5a?s=96&d=mm&r=g\",\"caption\":\"Nicolas Choux\"},\"sameAs\":[\"maeva.oltra\"],\"url\":\"https:\\\/\\\/ifescaribbean.org\\\/fr\\\/author\\\/nicolas-choux\\\/\"}]}<\/script>\n<!-- \/ Yoast SEO plugin. -->","yoast_head_json":{"title":"Plaidoirie pour Ha\u00efti - CARIFES","robots":{"index":"index","follow":"follow","max-snippet":"max-snippet:-1","max-image-preview":"max-image-preview:large","max-video-preview":"max-video-preview:-1"},"canonical":"https:\/\/ifescaribbean.org\/fr\/plaidoirie-pour-haiti\/","og_locale":"fr_FR","og_type":"article","og_title":"Plaidoirie pour Ha\u00efti - CARIFES","og_description":"Ha\u00efti, Ha\u00efti \u00bb. C\u2019est l\u2019expression qui, selon celui qui parle, pourrait \u00eatre accompagn\u00e9e d\u2019un haussement d\u2019\u00e9paule ou d\u2019un soupir de d\u00e9couragement et de consternation. Cela pourrait aussi \u00eatre consid\u00e9r\u00e9 comme un appel comme un appel pour \u00eatre \u00e9cout\u00e9. Ceux d\u2019entre nous qui sont familiers avec la Parole de Dieu se rappelleront s\u00fbrement les c\u00e9l\u00e8bres r\u00e9p\u00e9titions...","og_url":"https:\/\/ifescaribbean.org\/fr\/plaidoirie-pour-haiti\/","og_site_name":"CARIFES","article_published_time":"2022-09-30T21:00:00+00:00","article_modified_time":"2024-02-15T22:04:01+00:00","og_image":[{"width":1080,"height":607,"url":"https:\/\/ifescaribbean.org\/wp-content\/uploads\/2024\/02\/WhatsApp-Image-2021-09-27-at-10.18.57-AM.jpeg","type":"image\/jpeg"}],"author":"Nicolas Choux","twitter_card":"summary_large_image","twitter_misc":{"\u00c9crit par":"Nicolas Choux","Dur\u00e9e de lecture estim\u00e9e":"3 minutes"},"schema":{"@context":"https:\/\/schema.org","@graph":[{"@type":"Article","@id":"https:\/\/ifescaribbean.org\/fr\/plaidoirie-pour-haiti\/#article","isPartOf":{"@id":"https:\/\/ifescaribbean.org\/fr\/plaidoirie-pour-haiti\/"},"author":{"name":"Nicolas Choux","@id":"https:\/\/ifescaribbean.org\/fr\/#\/schema\/person\/28467ea199f958b581a3cc88c89d2e0b"},"headline":"Plaidoirie pour Ha\u00efti","datePublished":"2022-09-30T21:00:00+00:00","dateModified":"2024-02-15T22:04:01+00:00","mainEntityOfPage":{"@id":"https:\/\/ifescaribbean.org\/fr\/plaidoirie-pour-haiti\/"},"wordCount":495,"publisher":{"@id":"https:\/\/ifescaribbean.org\/fr\/#organization"},"image":{"@id":"https:\/\/ifescaribbean.org\/fr\/plaidoirie-pour-haiti\/#primaryimage"},"thumbnailUrl":"https:\/\/ifescaribbean.org\/wp-content\/uploads\/2024\/02\/WhatsApp-Image-2021-09-27-at-10.18.57-AM.jpeg","keywords":["Prayer_Bulletin"],"articleSection":["Non classifi\u00e9(e)"],"inLanguage":"fr-FR"},{"@type":"WebPage","@id":"https:\/\/ifescaribbean.org\/fr\/plaidoirie-pour-haiti\/","url":"https:\/\/ifescaribbean.org\/fr\/plaidoirie-pour-haiti\/","name":"Plaidoirie pour Ha\u00efti - CARIFES","isPartOf":{"@id":"https:\/\/ifescaribbean.org\/fr\/#website"},"primaryImageOfPage":{"@id":"https:\/\/ifescaribbean.org\/fr\/plaidoirie-pour-haiti\/#primaryimage"},"image":{"@id":"https:\/\/ifescaribbean.org\/fr\/plaidoirie-pour-haiti\/#primaryimage"},"thumbnailUrl":"https:\/\/ifescaribbean.org\/wp-content\/uploads\/2024\/02\/WhatsApp-Image-2021-09-27-at-10.18.57-AM.jpeg","datePublished":"2022-09-30T21:00:00+00:00","dateModified":"2024-02-15T22:04:01+00:00","breadcrumb":{"@id":"https:\/\/ifescaribbean.org\/fr\/plaidoirie-pour-haiti\/#breadcrumb"},"inLanguage":"fr-FR","potentialAction":[{"@type":"ReadAction","target":["https:\/\/ifescaribbean.org\/fr\/plaidoirie-pour-haiti\/"]}]},{"@type":"ImageObject","inLanguage":"fr-FR","@id":"https:\/\/ifescaribbean.org\/fr\/plaidoirie-pour-haiti\/#primaryimage","url":"https:\/\/ifescaribbean.org\/wp-content\/uploads\/2024\/02\/WhatsApp-Image-2021-09-27-at-10.18.57-AM.jpeg","contentUrl":"https:\/\/ifescaribbean.org\/wp-content\/uploads\/2024\/02\/WhatsApp-Image-2021-09-27-at-10.18.57-AM.jpeg","width":1080,"height":607},{"@type":"BreadcrumbList","@id":"https:\/\/ifescaribbean.org\/fr\/plaidoirie-pour-haiti\/#breadcrumb","itemListElement":[{"@type":"ListItem","position":1,"name":"Home","item":"https:\/\/ifescaribbean.org\/fr\/"},{"@type":"ListItem","position":2,"name":"Plaidoirie pour Ha\u00efti"}]},{"@type":"WebSite","@id":"https:\/\/ifescaribbean.org\/fr\/#website","url":"https:\/\/ifescaribbean.org\/fr\/","name":"CARIFES","description":"CARIFES website","publisher":{"@id":"https:\/\/ifescaribbean.org\/fr\/#organization"},"inLanguage":"fr-FR"},{"@type":"Organization","@id":"https:\/\/ifescaribbean.org\/fr\/#organization","name":"CARIFES","url":"https:\/\/ifescaribbean.org\/fr\/","logo":{"@type":"ImageObject","inLanguage":"fr-FR","@id":"https:\/\/ifescaribbean.org\/fr\/#\/schema\/logo\/image\/","url":"https:\/\/ifescaribbean.org\/wp-content\/uploads\/2023\/03\/IFES-Caraibe-Square.png","contentUrl":"https:\/\/ifescaribbean.org\/wp-content\/uploads\/2023\/03\/IFES-Caraibe-Square.png","width":871,"height":868,"caption":"CARIFES"},"image":{"@id":"https:\/\/ifescaribbean.org\/fr\/#\/schema\/logo\/image\/"}},{"@type":"Person","@id":"https:\/\/ifescaribbean.org\/fr\/#\/schema\/person\/28467ea199f958b581a3cc88c89d2e0b","name":"Nicolas Choux","image":{"@type":"ImageObject","inLanguage":"fr-FR","@id":"https:\/\/secure.gravatar.com\/avatar\/52a120e317ec85a3b6c9f8f81c8cc894f4e07f9afe67ec448ee63e2ae7824d5a?s=96&d=mm&r=g","url":"https:\/\/secure.gravatar.com\/avatar\/52a120e317ec85a3b6c9f8f81c8cc894f4e07f9afe67ec448ee63e2ae7824d5a?s=96&d=mm&r=g","contentUrl":"https:\/\/secure.gravatar.com\/avatar\/52a120e317ec85a3b6c9f8f81c8cc894f4e07f9afe67ec448ee63e2ae7824d5a?s=96&d=mm&r=g","caption":"Nicolas Choux"},"sameAs":["maeva.oltra"],"url":"https:\/\/ifescaribbean.org\/fr\/author\/nicolas-choux\/"}]}},"_links":{"self":[{"href":"https:\/\/ifescaribbean.org\/fr\/wp-json\/wp\/v2\/posts\/2378","targetHints":{"allow":["GET"]}}],"collection":[{"href":"https:\/\/ifescaribbean.org\/fr\/wp-json\/wp\/v2\/posts"}],"about":[{"href":"https:\/\/ifescaribbean.org\/fr\/wp-json\/wp\/v2\/types\/post"}],"author":[{"embeddable":true,"href":"https:\/\/ifescaribbean.org\/fr\/wp-json\/wp\/v2\/users\/6"}],"replies":[{"embeddable":true,"href":"https:\/\/ifescaribbean.org\/fr\/wp-json\/wp\/v2\/comments?post=2378"}],"version-history":[{"count":1,"href":"https:\/\/ifescaribbean.org\/fr\/wp-json\/wp\/v2\/posts\/2378\/revisions"}],"predecessor-version":[{"id":2379,"href":"https:\/\/ifescaribbean.org\/fr\/wp-json\/wp\/v2\/posts\/2378\/revisions\/2379"}],"wp:featuredmedia":[{"embeddable":true,"href":"https:\/\/ifescaribbean.org\/fr\/wp-json\/wp\/v2\/media\/2373"}],"wp:attachment":[{"href":"https:\/\/ifescaribbean.org\/fr\/wp-json\/wp\/v2\/media?parent=2378"}],"wp:term":[{"taxonomy":"category","embeddable":true,"href":"https:\/\/ifescaribbean.org\/fr\/wp-json\/wp\/v2\/categories?post=2378"},{"taxonomy":"post_tag","embeddable":true,"href":"https:\/\/ifescaribbean.org\/fr\/wp-json\/wp\/v2\/tags?post=2378"}],"curies":[{"name":"wp","href":"https:\/\/api.w.org\/{rel}","templated":true}]}}